{"id":310,"date":"2020-02-15T12:14:12","date_gmt":"2020-02-15T11:14:12","guid":{"rendered":"http:\/\/levego.enum.hu\/wplevego\/?p=310"},"modified":"2020-02-15T12:41:52","modified_gmt":"2020-02-15T11:41:52","slug":"beragadt-dht22-paratartalommerok","status":"publish","type":"post","link":"https:\/\/levego.enum.hu\/wplevego\/index.php\/2020\/02\/15\/beragadt-dht22-paratartalommerok\/","title":{"rendered":"Beragadt DHT22 p\u00e1ratartalomm\u00e9r\u0151k"},"content":{"rendered":"\n<p>A workshopokon eddig a DHT22-es h\u0151m\u00e9rs\u00e9klet \u00e9s p\u00e1ratartalomm\u00e9r\u0151ket csatlakoztattuk a mikrokontrollerhez, \u00e9s ezekr\u0151l kider\u00fclt, hogy hajlamosak beragadni, ha sok\u00e1ig vannak kit\u00e9ve magas p\u00e1ratartalomnak. Ha beragadt, azt onnan tudod, hogy \u00e1lland\u00f3an 99%-os p\u00e1ratartalmat mutat. Az \u00faj k\u00e9szletben m\u00e1r a Bosch BME280-as szenzora van, mely nem ragad be \u00e9s h\u0151m\u00e9rs\u00e9klet, p\u00e1ratartalom mellett a l\u00e9gnyom\u00e1st is m\u00e9ri.<\/p>\n\n\n\n<p>Ha a tied is beragadt, akkor javaslom, hogy cser\u00e9ld ki. Az \u00faj szenzor m\u00e1shova csatlakozik a mikrokontrolleren \u00e9s h\u00e1rom helyett n\u00e9gy kis k\u00e1bel kell hozz\u00e1. <\/p>\n\n\n\n<figure class=\"wp-block-image size-large\"><img decoding=\"async\" loading=\"lazy\" width=\"1275\" height=\"582\" src=\"http:\/\/levego.enum.hu\/wplevego\/wp-content\/uploads\/2020\/02\/DHTtoBME.png\" alt=\"\" class=\"wp-image-342\"\/><\/figure>\n\n\n\n<p>Ha \u00e1tszerelted, akkor a be\u00e1ll\u00edt\u00e1sokn\u00e1l is ki kell cser\u00e9lni a szenzort:<\/p>\n\n\n\n<figure class=\"wp-block-image size-large is-resized\"><img decoding=\"async\" loading=\"lazy\" src=\"http:\/\/levego.enum.hu\/wplevego\/wp-content\/uploads\/2020\/02\/dht-to-bme-conf.png\" alt=\"\" class=\"wp-image-343\" width=\"398\" height=\"195\"\/><\/figure>\n\n\n\n<p><a href=\"https:\/\/www.hestore.hu\/prod_10039068.html\" target=\"_blank\" rel=\"noreferrer noopener\" aria-label=\" (opens in a new tab)\">Rendelhetsz<\/a> online BME280 szenzort \u00e9s a 25-i vagy 27-i <a href=\"http:\/\/levego.enum.hu\/wplevego\/index.php\/workshop-old\/workshop\/\">workshopon<\/a> lesz n\u00e1lam is n\u00e9h\u00e1ny. Gyere el, oszd meg a tapasztalataidat, seg\u00edts m\u00e1soknak \u00f6sszeszerelni, vagy csak besz\u00e9lgetni.<\/p>\n","protected":false},"excerpt":{"rendered":"<p>A workshopokon eddig a DHT22-es h\u0151m\u00e9rs\u00e9klet \u00e9s p\u00e1ratartalomm\u00e9r\u0151ket csatlakoztattuk a mikrokontrollerhez, \u00e9s ezekr\u0151l kider\u00fclt, hogy hajlamosak beragadni, ha sok\u00e1ig vannak kit\u00e9ve magas p\u00e1ratartalomnak. Ha beragadt, azt onnan tudod, hogy \u00e1lland\u00f3an 99%-os p\u00e1ratartalmat mutat. Az \u00faj k\u00e9szletben m\u00e1r a Bosch BME280-as [&hellip;]<\/p>\n","protected":false},"author":1,"featured_media":0,"comment_status":"open","ping_status":"open","sticky":false,"template":"","format":"standard","meta":[],"categories":[1],"tags":[],"_links":{"self":[{"href":"https:\/\/levego.enum.hu\/wplevego\/index.php\/wp-json\/wp\/v2\/posts\/310"}],"collection":[{"href":"https:\/\/levego.enum.hu\/wplevego\/index.php\/wp-json\/wp\/v2\/posts"}],"about":[{"href":"https:\/\/levego.enum.hu\/wplevego\/index.php\/wp-json\/wp\/v2\/types\/post"}],"author":[{"embeddable":true,"href":"https:\/\/levego.enum.hu\/wplevego\/index.php\/wp-json\/wp\/v2\/users\/1"}],"replies":[{"embeddable":true,"href":"https:\/\/levego.enum.hu\/wplevego\/index.php\/wp-json\/wp\/v2\/comments?post=310"}],"version-history":[{"count":7,"href":"https:\/\/levego.enum.hu\/wplevego\/index.php\/wp-json\/wp\/v2\/posts\/310\/revisions"}],"predecessor-version":[{"id":352,"href":"https:\/\/levego.enum.hu\/wplevego\/index.php\/wp-json\/wp\/v2\/posts\/310\/revisions\/352"}],"wp:attachment":[{"href":"https:\/\/levego.enum.hu\/wplevego\/index.php\/wp-json\/wp\/v2\/media?parent=310"}],"wp:term":[{"taxonomy":"category","embeddable":true,"href":"https:\/\/levego.enum.hu\/wplevego\/index.php\/wp-json\/wp\/v2\/categories?post=310"},{"taxonomy":"post_tag","embeddable":true,"href":"https:\/\/levego.enum.hu\/wplevego\/index.php\/wp-json\/wp\/v2\/tags?post=310"}],"curies":[{"name":"wp","href":"https:\/\/api.w.org\/{rel}","templated":true}]}}